[{"agenda_title":null,"catagendaid":"5","color":"#2b535d","description":null,"start":"2026-09-02 19:00:37","title":"Nuevo encuentro del SIP sobre inserci\u00f3n profesional: c\u00f3mo prepararte para tu entrevista laboral","url":"\/mas-noticias\/nuevo-encuentro-sip","catid":"4"},{"agenda_title":null,"catagendaid":"3","color":"#67CBF4","description":null,"start":"2026-09-03 20:19:34","title":"Programa de Cooperaci\u00f3n Bilateral para el Intercambio de Estudiantes de Grado (PIEG)","url":"\/articulos-secyt\/programa-de-cooperacion-bilateral-para-el-intercambio-de-estudiantes-de-grado-pieg-5","catid":"25"},{"agenda_title":"Conferencia de Ezequiel Burgo: Detr\u00e1s de las noticias econ\u00f3micas","catagendaid":"1","color":"#FAAE36","description":null,"start":"2026-09-03 23:49:46","title":"Conferencia de Ezequiel Burgo: Detr\u00e1s de las noticias econ\u00f3micas","url":"\/mas-noticias\/conferencia-detras-de-las-noticias-economicas-como-analiza-la-macroeconomia-el-periodismo-especializado","catid":"4"},{"agenda_title":null,"catagendaid":"5","color":"#2b535d","description":null,"start":"2026-09-09 20:10:58","title":"De la idea al recurso: taller de Vibe Coding para la ense\u00f1anza","url":"\/mas-noticias\/de-la-idea-al-recurso-taller-de-vibe-coding-para-la-ensenanza-2","catid":"4"},{"agenda_title":null,"catagendaid":"1","color":"#FAAE36","description":null,"start":"2026-09-10 22:00:42","title":"10\u00aa Actividad Regional SAMECO C\u00f3rdoba en la Facultad","url":"\/mas-noticias\/10-actividad-regional-sameco-cordoba-en-la-facultad","catid":"4"},{"agenda_title":null,"catagendaid":"1","color":"#FAAE36","description":null,"start":"2026-09-10 22:06:36","title":"Conferencia de Marina Dal Poggetto en el ciclo Pensar la Econom\u00eda ","url":"\/mas-noticias\/conferencia-de-mariana-dal-pogetto-en-el-ciclo-pensar-la-economia","catid":"4"},{"agenda_title":null,"catagendaid":"2","color":"#996BC3","description":null,"start":"2026-09-10 22:42:35","title":"Nueva edici\u00f3n de #YoInvestigo: Programa de Formaci\u00f3n Inicial en Investigaci\u00f3n en Ciencias Econ\u00f3micas","url":"\/mas-noticias\/nueva-edicion-del-programa-de-formacion-inicial-en-investigacion-en-ciencias-econmicas","catid":"4"},{"agenda_title":"Cierra la convocatoria a Becas SEU 2027","catagendaid":"4","color":"#9EAB4D","description":null,"start":"2026-09-15 02:48:27","title":"Cierra la convocatoria a Becas SEU 2027","url":"\/noticiasunc\/becas-seu-2027","catid":"190"},{"agenda_title":null,"catagendaid":"6","color":"#d8dbdb","description":null,"start":"2026-09-16 20:47:32","title":"Workshop sobre pron\u00f3stico de series de tiempo bajo quiebres estructurales","url":"\/mas-noticias\/workshop-sobre-pronostico-de-series-de-tiempo-bajo-quiebres-estructurales","catid":"4"},{"agenda_title":null,"catagendaid":"3","color":"#67CBF4","description":null,"start":"2026-09-18 20:23:28","title":"Programa de Movilidad Estudiantil UNC al Mundo (UNCM)","url":"\/articulos-secyt\/programa-de-movilidad-estudiantil-unc-al-mundo-uncm-4","catid":"25"},{"agenda_title":"Cierra convocatoria a Becas de Formaci\u00f3n para el Profesorado Universitario","catagendaid":"4","color":"#9EAB4D","description":null,"start":"2026-09-18 21:13:27","title":"Cierra convocatoria a Becas de Formaci\u00f3n para el Profesorado Universitario","url":"\/mas-noticias\/becas-de-formacion-para-el-profesorado-universitario-2026","catid":"4"},{"agenda_title":null,"catagendaid":"5","color":"#2b535d","description":null,"start":"2026-09-23 02:59:57","title":"Programa Lazos, nueva edici\u00f3n","url":"\/mas-noticias\/programa-lazos-nueva-edicion","catid":"4"},{"agenda_title":"Inician las 59\u00ba Jornadas Internacionales de Finanzas P\u00fablicas","catagendaid":"1","color":"#FAAE36","description":null,"start":"2026-09-24 02:59:42","title":"Inician las 59\u00ba Jornadas Internacionales de Finanzas P\u00fablicas","url":"\/mas-noticias\/59-jornadas-internacionales-de-finanzas-publicas","catid":"4"},{"agenda_title":"XV Jornadas Iberoamericanas de Financiaci\u00f3n Local","catagendaid":"1","color":"#FAAE36","description":null,"start":"2026-11-05 02:48:09","title":"XV Jornadas Iberoamericanas de Financiaci\u00f3n Local","url":"\/mas-noticias\/xv-jornadas-iberoamericanas-de-financiacion-local","catid":"4"}]